{"id":727,"date":"2023-11-06T15:24:03","date_gmt":"2023-11-06T15:24:03","guid":{"rendered":"https:\/\/edfvr.org\/?p=727"},"modified":"2023-11-06T15:24:03","modified_gmt":"2023-11-06T15:24:03","slug":"edfvr-get-together-bei-der-immersive-tech-week-in-rotterdam","status":"publish","type":"post","link":"https:\/\/edfvr.net\/01\/edfvr-get-together-bei-der-immersive-tech-week-in-rotterdam\/","title":{"rendered":"EDFVR Get-Together bei der Immersive Tech Week in Rotterdam"},"content":{"rendered":"\n<p class=\"wp-block-paragraph\">Vom 28.11. bis 1.12. trifft sich die XR-Community zur <strong>Immersive Tech Week in Rotterdam<\/strong>. Der <strong>EDFVR<\/strong> ist nat\u00fcrlich auch vertreten, und wir freuen uns, Euch am <strong>29.11<\/strong> zum Austausch und dem einen oder anderen Kaltgetr\u00e4nk einzuladen. <\/p>\n\n\n\n<p class=\"wp-block-paragraph\"><strong>Was:<\/strong> EDFVR Socials &amp; Drinks<br><strong>Wann: <\/strong>29.11.23<br><strong>Wo:<\/strong> : &#8218;&#8230;da an der Bar, da wo immer alle ihre Drinks nehmen.&#8216; <\/p>\n\n\n\n<p class=\"wp-block-paragraph\">F\u00fcr Aktuelles und EDFVR Aktivit\u00e4ten w\u00e4hrend der Immersive Tech Week folgt uns auch auf <a href=\"https:\/\/www.linkedin.com\/company\/edfvr\/\" data-type=\"link\" data-id=\"https:\/\/www.linkedin.com\/company\/edfvr\/\">LinkedIn.<\/a><\/p>\n\n\n\n<p class=\"wp-block-paragraph\">Mehr Informationen zur <a href=\"https:\/\/www.immersivetechweek.co\/\" data-type=\"link\" data-id=\"https:\/\/www.immersivetechweek.co\/\">Immersive Tech Week gibt es hier<\/a>.<\/p>\n\n\n\n<figure class=\"wp-block-gallery has-nested-images columns-default is-cropped wp-block-gallery-1 is-layout-flex wp-block-gallery-is-layout-flex\"><\/figure>\n\n\n\n<p class=\"wp-block-paragraph\"><\/p>\n","protected":false},"excerpt":{"rendered":"<p>Vom 28.11. bis 1.12. trifft sich die XR-Community zur Immersive Tech Week in Rotterdam. Der EDFVR ist nat\u00fcrlich auch vertreten, und wir freuen uns, Euch am 29.11 zum Austausch und dem einen oder anderen Kaltgetr\u00e4nk einzuladen. Was: EDFVR Socials &amp; DrinksWann: 29.11.23Wo: : &#8218;&#8230;da an der Bar, da wo immer alle ihre Drinks nehmen.&#8216; F\u00fcr [&hellip;]<\/p>\n","protected":false},"author":1,"featured_media":724,"comment_status":"closed","ping_status":"open","sticky":false,"template":"","format":"standard","meta":{"footnotes":""},"categories":[19,4],"tags":[24,7],"class_list":["post-727","post","type-post","status-publish","format-standard","has-post-thumbnail","hentry","category-technologie","category-verband","tag-events","tag-xr"],"_links":{"self":[{"href":"https:\/\/edfvr.net\/01\/wp-json\/wp\/v2\/posts\/727","targetHints":{"allow":["GET"]}}],"collection":[{"href":"https:\/\/edfvr.net\/01\/wp-json\/wp\/v2\/posts"}],"about":[{"href":"https:\/\/edfvr.net\/01\/wp-json\/wp\/v2\/types\/post"}],"author":[{"embeddable":true,"href":"https:\/\/edfvr.net\/01\/wp-json\/wp\/v2\/users\/1"}],"replies":[{"embeddable":true,"href":"https:\/\/edfvr.net\/01\/wp-json\/wp\/v2\/comments?post=727"}],"version-history":[{"count":0,"href":"https:\/\/edfvr.net\/01\/wp-json\/wp\/v2\/posts\/727\/revisions"}],"wp:featuredmedia":[{"embeddable":true,"href":"https:\/\/edfvr.net\/01\/wp-json\/wp\/v2\/media\/724"}],"wp:attachment":[{"href":"https:\/\/edfvr.net\/01\/wp-json\/wp\/v2\/media?parent=727"}],"wp:term":[{"taxonomy":"category","embeddable":true,"href":"https:\/\/edfvr.net\/01\/wp-json\/wp\/v2\/categories?post=727"},{"taxonomy":"post_tag","embeddable":true,"href":"https:\/\/edfvr.net\/01\/wp-json\/wp\/v2\/tags?post=727"}],"curies":[{"name":"wp","href":"https:\/\/api.w.org\/{rel}","templated":true}]}}