{"id":733,"date":"2023-12-07T12:55:23","date_gmt":"2023-12-07T12:55:23","guid":{"rendered":"https:\/\/edfvr.org\/?p=733"},"modified":"2023-12-07T12:55:23","modified_gmt":"2023-12-07T12:55:23","slug":"mitgliederversammlung-2024","status":"publish","type":"post","link":"https:\/\/edfvr.net\/01\/mitgliederversammlung-2024\/","title":{"rendered":"Mitgliederversammlung 2024"},"content":{"rendered":"\n<p class=\"wp-block-paragraph\">Liebe Mitglieder des EDFVR, wir m\u00f6chten Euch herzlich zu der Mitgliederversammlung am 8.1.2024 um 17.00 einladen. <br><br>Wie auch schon vor den Corona Jahren m\u00f6chten wir die Mitgliederversammlung online durchf\u00fchren. (Satzung \u00a723 Abs.8,9)<br><br>Die vergangenen Jahre waren f\u00fcr uns alle herausfordernd. Die Covid Pandemie hat die normale Fachverbandsarbeit aus dem Lot geworfen. Der direkte Kontakt mit Euch hat aufgrund fehlender Begegnungsm\u00f6glichkeiten gelitten da viele unserer \u00fcblichen Programme wie z.B. Unternehmerreisen, Veranstaltungen und Meetups &nbsp;waren im Lockdown nicht m\u00f6glich und in der Folgezeit nur schwer wiederzubeleben. Der Vorstand hat dank viel pers\u00f6nlichem Einsatzes und Improvisationsverm\u00f6gen es geschafft, den EDFVR sicher durch die Pandemie und den folgenden Turbulenzen zu navigieren.<\/p>\n\n\n\n<h4 class=\"wp-block-heading\">Fachverbandsarbeit seit Beginn der Pandemie<\/h4>\n\n\n\n<p class=\"wp-block-paragraph\">Wir haben das Beste aus den begrenzten M\u00f6glichkeiten gemacht und haben uns deutlich st\u00e4rker vernetzt, auch im europ\u00e4ischen XR-\u00d6kosystem haben wir fu\u00dfgefasst. In Kollaboration mit XR4EU wurde im Juni 2023 in Berlin die erste gemeinsame Veranstaltung durchgef\u00fchrt. &nbsp; Wir haben weiterhin f\u00fcr die XR-Industrie Weichen gestellt, unter anderem durch unsere Beteiligung an <strong>Normungsprozessen u<\/strong>nd unseren Einsatz f\u00fcr die <strong>Standardisierung<\/strong> von XR-relevanten Technologien. Au\u00dferdem haben wir uns politisch f\u00fcr Euch eingesetzt, zum Beispiel um die Politik f\u00fcr bessere <strong>Finanzierungsm\u00f6glichkeiten und F\u00f6rderungen<\/strong> im XR-Bereich zu mobilisieren.<\/p>\n\n\n\n<h4 class=\"wp-block-heading\">GIM<\/h4>\n\n\n\n<p class=\"has-text-align-left wp-block-paragraph\">Stolz sind wir besonders auf den diesj\u00e4hrigen Launch des Ausbildungsberufs &#8222;Gestalter f\u00fcr Immersive Medien&#8220;, an dessen Initiierung wir ma\u00dfgeblich beteiligt waren und den wir auch in Zukunft weiter etablieren werden. Tatkr\u00e4ftige Unterst\u00fctzung bekommen wir dabei von unseren drei Community Managern (Christina Br\u00f6ker, Helge Berlitz-Olle und Michael Stock) f\u00fcr das <a href=\"https:\/\/www.leando.de\/\" data-type=\"link\" data-id=\"https:\/\/www.leando.de\/\" target=\"_blank\" rel=\"noreferrer noopener\">Ausbildungsportal LEANDO<\/a>. Hier sind wir mit dem Bundesinstitut f\u00fcr Berufsbildung eine Partnerschaft eingegangen.<\/p>\n\n\n\n<figure class=\"wp-block-image size-large\"><img loading=\"lazy\" decoding=\"async\" width=\"1024\" height=\"294\" src=\"https:\/\/edfvr.net\/01\/wp-content\/uploads\/2023\/12\/CM-Manger2-1024x294.png\" alt=\"\" class=\"wp-image-737\" srcset=\"https:\/\/edfvr.net\/01\/wp-content\/uploads\/2023\/12\/CM-Manger2-1024x294.png 1024w, https:\/\/edfvr.net\/01\/wp-content\/uploads\/2023\/12\/CM-Manger2-300x86.png 300w, https:\/\/edfvr.net\/01\/wp-content\/uploads\/2023\/12\/CM-Manger2-768x221.png 768w, https:\/\/edfvr.net\/01\/wp-content\/uploads\/2023\/12\/CM-Manger2-1536x442.png 1536w, https:\/\/edfvr.net\/01\/wp-content\/uploads\/2023\/12\/CM-Manger2.png 1739w\" sizes=\"auto, (max-width: 1024px) 100vw, 1024px\" \/><\/figure>\n\n\n\n<p class=\"wp-block-paragraph\">Mehr dazu berichten wir euch gerne auf der JHV, und findet Ihr auf <a href=\"https:\/\/gestaltung-immersiv.de\/\" data-type=\"link\" data-id=\"https:\/\/gestaltung-immersiv.de\/\" target=\"_blank\" rel=\"noreferrer noopener\">gestaltung-immersiv.de<\/a><\/p>\n\n\n\n<h4 class=\"wp-block-heading\">Unternehmerreisen, Meetups und Events<\/h4>\n\n\n\n<p class=\"wp-block-paragraph\">Endlich laufen nun auch wieder Unternehmerreisen, Meetups und Kongresse. Wir waren im September mit zwei Personen auf der Stereopsia und werden auch vom 28.11 bis 1.12. in Rotterdam bei der <strong>Immersive Tech Week<\/strong> 2023 vor Ort sein. Den Blick \u00fcber Tellerrand ist wichtig, weshalb wir mit den F\u00f6rderinstitutionen der Bundesl\u00e4nder auch weiterhin versuchen solche Unternehmerreise m\u00f6glich zu machen.&nbsp; Meetups, als lokale und sehr direkte Vernetzung unsere Branche werden wir weiterhin vermehrt unterst\u00fctzen. Inhaltlich ist es wichtig sich nicht nur innerhalb der Brache zu vernetzen, sondern auch unsere Positionen auf Kongressen und Events zu pr\u00e4sentieren. Das Somafest, der Pirates Summit, das Places Festival, das XR4Europe Summer Event in Berlin und weiter Termine in diesem Jahr sind die Vorlage f\u00fcr 2024.<\/p>\n\n\n\n<h4 class=\"wp-block-heading\">Administratives<\/h4>\n\n\n\n<p class=\"wp-block-paragraph\">Da uns bewusst war, dass viele unserer Mitglieder aufgrund der Pandemie unter finanziellen Einbu\u00dfen zu leiden hatten oder sogar in existentiellen, unternehmerischen Schwierigkeiten steckten, haben wir uns entschieden, den Mitgliedsbeitrag \u00fcber die letzten Jahre nicht strikt einzufordern. Ein ganz herzliches Danke an alle diejenigen von Euch, die weiter regelm\u00e4\u00dfig gezahlt haben, Ihr habt das \u00dcberleben des Verbandes mitgetragen. Die verbliebenen L\u00fccken haben die Mitglieder des Vorstands abgefangen, und somit haben wir es gemeinsam geschafft, als Fachverband durch diese Krise weitgehend unbeschaded hindurchzukommen. &nbsp;<\/p>\n\n\n\n<p class=\"wp-block-paragraph\">Im Laufe des Jahres 2023 haben wir nun den verbleibenden \u201aPandemie-Fallout\u2018 aufgearbeitet und neue strategische Perspektiven geschaffen. Und wir k\u00fcmmern uns nat\u00fcrlich auch weiter um Eure Anliegen.<\/p>\n\n\n\n<p class=\"wp-block-paragraph\">Wir sind somit wieder auf Kurs!<\/p>\n\n\n\n<p class=\"wp-block-paragraph\">Dies finden wir einen guten Zeitpunkt, um auch intern eine Bestandsaufnahme zu machen, mit Euch wieder in den engeren Austausch zu gehen und die administrativen Prozesse im Verband wieder in den Normalzustand zur\u00fcckzuf\u00fchren. Wir w\u00fcrden uns daher freuen, wenn Ihr zahlreich bei der anstehenden Mitgliederversammlung dabei w\u00e4rt und Eure W\u00fcnsche, Perspektiven und W\u00fcnsche in die Diskussion einbringt. Uns w\u00fcrde es freuen, wenn wir noch mehr Mitglieder f\u00fcr eine ehrenamtliche T\u00e4tigkeit im Fachverband begeistern k\u00f6nnen.<br>Zu tun ist genug.<\/p>\n\n\n\n<h4 class=\"wp-block-heading\">Tagesordnung der Mitgliederversammlung des Ersten Deutschen Fachverband f\u00fcr Virtual Reality:<\/h4>\n\n\n\n<ul class=\"wp-block-list\">\n<li>Begr\u00fc\u00dfung durch den Vorstand<\/li>\n\n\n\n<li>Feststellung der Beschlussf\u00e4higkeit und der ordnungsgem\u00e4\u00dfen Einladung, sowie der Funktion der technischen Umsetzung einer Online-Mitgliederversammlung.<\/li>\n\n\n\n<li>Wahl des Protokollanten. Abstimmung \u00fcber die Aufzeichnung der Versammlung.<\/li>\n\n\n\n<li>Bericht des Vorstands 2020-2023, die aktuellen Arbeitsfelder und Perspektiven<\/li>\n\n\n\n<li>Kassenbericht<\/li>\n\n\n\n<li>Wahl des Wahlleiters f\u00fcr die Vorstandswahl<\/li>\n\n\n\n<li>Entlastung des Vorstands<\/li>\n\n\n\n<li>Vorstellung der Kandidaten und Listen f\u00fcr den Vorstand. Fragen der Mitglieder.<\/li>\n\n\n\n<li>Abstimmung \u00fcber die Wahl als Blockwahl oder als Wahl der einzelnen Positionen im Vorstand.<\/li>\n\n\n\n<li>Wahl des Vorstands<\/li>\n\n\n\n<li>Sonstiges &#8211; Aussprache<\/li>\n<\/ul>\n\n\n\n<p class=\"wp-block-paragraph\">Jedes Mitglied kann nach \u00a713 Abs.4 Erg\u00e4nzungen zur Tagesordnung vorschlagen. Dies bitte schriftlich bis sp\u00e4testens 2 Wochen vor dem Termin.<\/p>\n\n\n\n<p class=\"wp-block-paragraph\">De Informationen und Zugangsdaten zur Online-Mitgliederversammlung werden euch bis sp\u00e4testens zum 6.1.2024 per Mail zugesandt.<\/p>\n\n\n\n<p class=\"wp-block-paragraph\">Wir freuen uns, euch auf der Mitgliederversammlung zu treffen, auch wenn nur online! <\/p>\n\n\n\n<p class=\"wp-block-paragraph\">F\u00fcr den Vorstand, Stephan Sorkin&nbsp;<\/p>\n","protected":false},"excerpt":{"rendered":"<p>Einladung der Mitgliederversammlung am 8.1.2024 Online.<\/p>\n","protected":false},"author":1,"featured_media":742,"comment_status":"open","ping_status":"open","sticky":false,"template":"","format":"standard","meta":{"footnotes":""},"categories":[1],"tags":[16,8],"class_list":["post-733","post","type-post","status-publish","format-standard","has-post-thumbnail","hentry","category-uncategorized","tag-fachverband","tag-gim"],"_links":{"self":[{"href":"https:\/\/edfvr.net\/01\/wp-json\/wp\/v2\/posts\/733","targetHints":{"allow":["GET"]}}],"collection":[{"href":"https:\/\/edfvr.net\/01\/wp-json\/wp\/v2\/posts"}],"about":[{"href":"https:\/\/edfvr.net\/01\/wp-json\/wp\/v2\/types\/post"}],"author":[{"embeddable":true,"href":"https:\/\/edfvr.net\/01\/wp-json\/wp\/v2\/users\/1"}],"replies":[{"embeddable":true,"href":"https:\/\/edfvr.net\/01\/wp-json\/wp\/v2\/comments?post=733"}],"version-history":[{"count":0,"href":"https:\/\/edfvr.net\/01\/wp-json\/wp\/v2\/posts\/733\/revisions"}],"wp:featuredmedia":[{"embeddable":true,"href":"https:\/\/edfvr.net\/01\/wp-json\/wp\/v2\/media\/742"}],"wp:attachment":[{"href":"https:\/\/edfvr.net\/01\/wp-json\/wp\/v2\/media?parent=733"}],"wp:term":[{"taxonomy":"category","embeddable":true,"href":"https:\/\/edfvr.net\/01\/wp-json\/wp\/v2\/categories?post=733"},{"taxonomy":"post_tag","embeddable":true,"href":"https:\/\/edfvr.net\/01\/wp-json\/wp\/v2\/tags?post=733"}],"curies":[{"name":"wp","href":"https:\/\/api.w.org\/{rel}","templated":true}]}}